{"id":1764,"date":"2021-08-12T14:48:37","date_gmt":"2021-08-12T14:48:37","guid":{"rendered":"https:\/\/materialsfarreny.com\/?p=1764"},"modified":"2021-08-12T14:49:34","modified_gmt":"2021-08-12T14:49:34","slug":"como-elegir-las-tejas-para-mi-tejado","status":"publish","type":"post","link":"https:\/\/materialsfarreny.com\/?p=1764","title":{"rendered":"\u00bfC\u00f3mo elegir las tejas para mi tejado?"},"content":{"rendered":"\n<p>Reformar o construir desde cero un inmueble, es un proceso largo, en el que debemos invertir mucho tiempo en elegir los acabados y materiales que mejor se adaptan a la est\u00e9tica y funcionalidad que buscamos. Y, entre los materiales que debemos elegir con detenimiento se encuentran las tejas. Un acabado al que, en muchas ocasiones, no le damos importancia, pero que, sin embargo, es fundamental. \u00bfC\u00f3mo elegir las tejas para mi tejado?<\/p>\n\n\n\n<figure class=\"wp-block-image size-large\"><img loading=\"lazy\" decoding=\"async\" width=\"1024\" height=\"616\" src=\"https:\/\/materialsfarreny.com\/wp-content\/uploads\/2021\/08\/1-1024x616.png\" alt=\"\" class=\"wp-image-1765\" srcset=\"https:\/\/materialsfarreny.com\/wp-content\/uploads\/2021\/08\/1-1024x616.png 1024w, https:\/\/materialsfarreny.com\/wp-content\/uploads\/2021\/08\/1-300x181.png 300w, https:\/\/materialsfarreny.com\/wp-content\/uploads\/2021\/08\/1-768x462.png 768w, https:\/\/materialsfarreny.com\/wp-content\/uploads\/2021\/08\/1.png 1080w\" sizes=\"auto, (max-width: 1024px) 100vw, 1024px\" \/><\/figure>\n\n\n\n<p>Es importante, tomarnos tiempo en elegir y conocer los diferentes tipos de tejas que existen en el mercado, con el objetivo de seleccionar aquella que cumpla con nuestras expectativas. Y es que, el tejado es la protecci\u00f3n de nuestro hogar y elegir un tipo de material u otro influir\u00e1 en que nuestro inmueble tenga una vida \u00fatil m\u00e1s o menos larga. Por este motivo, es importante que contemos con productos de calidad para esta parte de nuestra casa.<\/p>\n\n\n\n<h2 class=\"wp-block-heading\">\u00bfC\u00f3mo elegir las tejas para mi tejado?<\/h2>\n\n\n\n<p>Para dar con la teja adecuada, lo primero que debemos hacer es conocer todos los tipos que existen en el mercado y las caracter\u00edsticas de cada una de ellas.<\/p>\n\n\n\n<p>La teja m\u00e1s com\u00fan es de arcilla. La principal ventaja es que son muy resistentes y no requieren de mantenimiento.<\/p>\n\n\n\n<p>Otro tipo de teja, muy com\u00fan en zonas de alta monta\u00f1a, es la teja de pizarra. Esta, est\u00e1 formada a partir de rocas de pizarra y la principal ventaja es que son muy resistentes, motivo por el que se colocan en zonas de fuertes nevadas, ya que pueden soportar mucho peso.<\/p>\n\n\n\n<p>Las tejas pl\u00e1sticas, son otra opci\u00f3n, con la que contamos. Estas las podemos encontrar en diversos colores, negro, marr\u00f3n, arcilla e incluso transparentes. Se emplean cuando lo que queremos es aportar luz a la estancia.<\/p>\n\n\n\n<p>Por \u00faltimo, se encuentran las tejas planas. Se trata de tejas de hormig\u00f3n, cuya principal caracter\u00edstica es que son planas y flexibles. Un tipo de teja muy apropiado para cubiertas con mucha inclinaci\u00f3n. Algunas de ellas, garantizan una mejor protecci\u00f3n contra la contaminaci\u00f3n, los rayos UV, el moho y los distintos fen\u00f3menos atmosf\u00e9ricos.<\/p>\n\n\n\n<figure class=\"wp-block-image size-large\"><img loading=\"lazy\" decoding=\"async\" width=\"1024\" height=\"616\" src=\"https:\/\/materialsfarreny.com\/wp-content\/uploads\/2021\/08\/2-1024x616.png\" alt=\"\" class=\"wp-image-1766\" srcset=\"https:\/\/materialsfarreny.com\/wp-content\/uploads\/2021\/08\/2-1024x616.png 1024w, https:\/\/materialsfarreny.com\/wp-content\/uploads\/2021\/08\/2-300x181.png 300w, https:\/\/materialsfarreny.com\/wp-content\/uploads\/2021\/08\/2-768x462.png 768w, https:\/\/materialsfarreny.com\/wp-content\/uploads\/2021\/08\/2.png 1080w\" sizes=\"auto, (max-width: 1024px) 100vw, 1024px\" \/><\/figure>\n\n\n\n<p>Estos son los tipos de tejas m\u00e1s utilizados y que podemos encontrar f\u00e1cilmente en el mercado. Su elecci\u00f3n depender\u00e1 del clima de la zona, as\u00ed como de la est\u00e9tica y la funcionalidad que busquemos.<\/p>\n\n\n\n<p>Si te encuentras en el proceso de reforma o de creaci\u00f3n de tu tejado, no dudes en contactar con nosotros. En <a href=\"https:\/\/materialsfarreny.com\/\">Materials Farreny<\/a>, trabajamos con <a href=\"http:\/\/laescandella.es\/es\/\">La Escandella<\/a> el mayor fabricante de tejas en Espa\u00f1a, el cual cuenta con un amplio cat\u00e1logo de tejas de todo tipo y de gran calidad.<\/p>\n","protected":false},"excerpt":{"rendered":"<p>Reformar o construir desde cero un inmueble, es un proceso largo, en el que debemos invertir mucho tiempo en elegir los acabados y materiales que mejor se adaptan a la est\u00e9tica y funcionalidad que buscamos. Y, entre los materiales que debemos elegir con detenimiento se encuentran las tejas. Un acabado al que, en muchas ocasiones, &hellip;<\/p>\n<p class=\"read-more\"> <a class=\"\" href=\"https:\/\/materialsfarreny.com\/?p=1764\"> <span class=\"screen-reader-text\">\u00bfC\u00f3mo elegir las tejas para mi tejado?<\/span> Leer m\u00e1s &raquo;<\/a><\/p>\n","protected":false},"author":1,"featured_media":0,"comment_status":"open","ping_status":"open","sticky":false,"template":"","format":"standard","meta":{"_mi_skip_tracking":false,"site-sidebar-layout":"default","site-content-layout":"default","ast-global-header-display":"","ast-main-header-display":"","ast-hfb-above-header-display":"","ast-hfb-below-header-display":"","ast-hfb-mobile-header-display":"","site-post-title":"","ast-breadcrumbs-content":"","ast-featured-img":"","footer-sml-layout":"","theme-transparent-header-meta":"default","adv-header-id-meta":"","stick-header-meta":"","header-above-stick-meta":"","header-main-stick-meta":"","header-below-stick-meta":"","footnotes":""},"categories":[4],"tags":[11,7,12,9,10],"class_list":["post-1764","post","type-post","status-publish","format-standard","hentry","category-noticias","tag-laescandella","tag-materialsfarreny","tag-tejado","tag-tejas","tag-tiposdetejas"],"yoast_head":"<!-- This site is optimized with the Yoast SEO plugin v19.11 - https:\/\/yoast.com\/wordpress\/plugins\/seo\/ -->\n<title>\u00bfC\u00f3mo elegir las tejas para mi tejado? - Materials Farreny<\/title>\n<meta name=\"description\" content=\"\u00bfC\u00f3mo elegir las tejas para mi tejado?\" \/>\n<meta name=\"robots\" content=\"index, follow, max-snippet:-1, max-image-preview:large, max-video-preview:-1\" \/>\n<link rel=\"canonical\" href=\"https:\/\/materialsfarreny.com\/?p=1764\" \/>\n<meta property=\"og:locale\" content=\"es_ES\" \/>\n<meta property=\"og:type\" content=\"article\" \/>\n<meta property=\"og:title\" content=\"\u00bfC\u00f3mo elegir las tejas para mi tejado? - Materials Farreny\" \/>\n<meta property=\"og:description\" content=\"\u00bfC\u00f3mo elegir las tejas para mi tejado?\" \/>\n<meta property=\"og:url\" content=\"https:\/\/materialsfarreny.com\/?p=1764\" \/>\n<meta property=\"og:site_name\" content=\"Materials Farreny\" \/>\n<meta property=\"article:published_time\" content=\"2021-08-12T14:48:37+00:00\" \/>\n<meta property=\"article:modified_time\" content=\"2021-08-12T14:49:34+00:00\" \/>\n<meta property=\"og:image\" content=\"https:\/\/materialsfarreny.com\/wp-content\/uploads\/2021\/08\/1-1024x616.png\" \/>\n<meta name=\"author\" content=\"Material Farreny\" \/>\n<meta name=\"twitter:card\" content=\"summary_large_image\" \/>\n<meta name=\"twitter:label1\" content=\"Escrito por\" \/>\n\t<meta name=\"twitter:data1\" content=\"Material Farreny\" \/>\n\t<meta name=\"twitter:label2\" content=\"Tiempo de lectura\" \/>\n\t<meta name=\"twitter:data2\" content=\"3 minutos\" \/>\n<script type=\"application\/ld+json\" class=\"yoast-schema-graph\">{\"@context\":\"https:\/\/schema.org\",\"@graph\":[{\"@type\":\"Article\",\"@id\":\"https:\/\/materialsfarreny.com\/?p=1764#article\",\"isPartOf\":{\"@id\":\"https:\/\/materialsfarreny.com\/?p=1764\"},\"author\":{\"name\":\"Material Farreny\",\"@id\":\"https:\/\/materialsfarreny.com\/#\/schema\/person\/8aa6a0d6d73e5b10e2d14795e3153b05\"},\"headline\":\"\u00bfC\u00f3mo elegir las tejas para mi tejado?\",\"datePublished\":\"2021-08-12T14:48:37+00:00\",\"dateModified\":\"2021-08-12T14:49:34+00:00\",\"mainEntityOfPage\":{\"@id\":\"https:\/\/materialsfarreny.com\/?p=1764\"},\"wordCount\":464,\"commentCount\":1,\"publisher\":{\"@id\":\"https:\/\/materialsfarreny.com\/#organization\"},\"keywords\":[\"laescandella\",\"materialsfarreny\",\"tejado\",\"tejas\",\"tiposdetejas\"],\"articleSection\":[\"Noticias\"],\"inLanguage\":\"es\",\"potentialAction\":[{\"@type\":\"CommentAction\",\"name\":\"Comment\",\"target\":[\"https:\/\/materialsfarreny.com\/?p=1764#respond\"]}]},{\"@type\":\"WebPage\",\"@id\":\"https:\/\/materialsfarreny.com\/?p=1764\",\"url\":\"https:\/\/materialsfarreny.com\/?p=1764\",\"name\":\"\u00bfC\u00f3mo elegir las tejas para mi tejado? - Materials Farreny\",\"isPartOf\":{\"@id\":\"https:\/\/materialsfarreny.com\/#website\"},\"datePublished\":\"2021-08-12T14:48:37+00:00\",\"dateModified\":\"2021-08-12T14:49:34+00:00\",\"description\":\"\u00bfC\u00f3mo elegir las tejas para mi tejado?\",\"breadcrumb\":{\"@id\":\"https:\/\/materialsfarreny.com\/?p=1764#breadcrumb\"},\"inLanguage\":\"es\",\"potentialAction\":[{\"@type\":\"ReadAction\",\"target\":[\"https:\/\/materialsfarreny.com\/?p=1764\"]}]},{\"@type\":\"BreadcrumbList\",\"@id\":\"https:\/\/materialsfarreny.com\/?p=1764#breadcrumb\",\"itemListElement\":[{\"@type\":\"ListItem\",\"position\":1,\"name\":\"Portada\",\"item\":\"https:\/\/materialsfarreny.com\/\"},{\"@type\":\"ListItem\",\"position\":2,\"name\":\"\u00bfC\u00f3mo elegir las tejas para mi tejado?\"}]},{\"@type\":\"WebSite\",\"@id\":\"https:\/\/materialsfarreny.com\/#website\",\"url\":\"https:\/\/materialsfarreny.com\/\",\"name\":\"Materials Farreny\",\"description\":\"Almac\u00e9n de Materiales de Construcci\u00f3n\",\"publisher\":{\"@id\":\"https:\/\/materialsfarreny.com\/#organization\"},\"potentialAction\":[{\"@type\":\"SearchAction\",\"target\":{\"@type\":\"EntryPoint\",\"urlTemplate\":\"https:\/\/materialsfarreny.com\/?s={search_term_string}\"},\"query-input\":\"required name=search_term_string\"}],\"inLanguage\":\"es\"},{\"@type\":\"Organization\",\"@id\":\"https:\/\/materialsfarreny.com\/#organization\",\"name\":\"Materials Farreny\",\"url\":\"https:\/\/materialsfarreny.com\/\",\"logo\":{\"@type\":\"ImageObject\",\"inLanguage\":\"es\",\"@id\":\"https:\/\/materialsfarreny.com\/#\/schema\/logo\/image\/\",\"url\":\"https:\/\/materialsfarreny.com\/wp-content\/uploads\/2021\/03\/cropped-logo-materials-farreny.png\",\"contentUrl\":\"https:\/\/materialsfarreny.com\/wp-content\/uploads\/2021\/03\/cropped-logo-materials-farreny.png\",\"width\":585,\"height\":212,\"caption\":\"Materials Farreny\"},\"image\":{\"@id\":\"https:\/\/materialsfarreny.com\/#\/schema\/logo\/image\/\"}},{\"@type\":\"Person\",\"@id\":\"https:\/\/materialsfarreny.com\/#\/schema\/person\/8aa6a0d6d73e5b10e2d14795e3153b05\",\"name\":\"Material Farreny\",\"image\":{\"@type\":\"ImageObject\",\"inLanguage\":\"es\",\"@id\":\"https:\/\/materialsfarreny.com\/#\/schema\/person\/image\/\",\"url\":\"https:\/\/secure.gravatar.com\/avatar\/e759291ec4f9182d45654826534e1f8cb813ce5c7b82719ffb0f137095e7843d?s=96&d=mm&r=g\",\"contentUrl\":\"https:\/\/secure.gravatar.com\/avatar\/e759291ec4f9182d45654826534e1f8cb813ce5c7b82719ffb0f137095e7843d?s=96&d=mm&r=g\",\"caption\":\"Material Farreny\"},\"sameAs\":[\"https:\/\/materialsfarreny.com\"],\"url\":\"https:\/\/materialsfarreny.com\/?author=1\"}]}<\/script>\n<!-- \/ Yoast SEO plugin. -->","yoast_head_json":{"title":"\u00bfC\u00f3mo elegir las tejas para mi tejado? - Materials Farreny","description":"\u00bfC\u00f3mo elegir las tejas para mi tejado?","robots":{"index":"index","follow":"follow","max-snippet":"max-snippet:-1","max-image-preview":"max-image-preview:large","max-video-preview":"max-video-preview:-1"},"canonical":"https:\/\/materialsfarreny.com\/?p=1764","og_locale":"es_ES","og_type":"article","og_title":"\u00bfC\u00f3mo elegir las tejas para mi tejado? - Materials Farreny","og_description":"\u00bfC\u00f3mo elegir las tejas para mi tejado?","og_url":"https:\/\/materialsfarreny.com\/?p=1764","og_site_name":"Materials Farreny","article_published_time":"2021-08-12T14:48:37+00:00","article_modified_time":"2021-08-12T14:49:34+00:00","og_image":[{"url":"https:\/\/materialsfarreny.com\/wp-content\/uploads\/2021\/08\/1-1024x616.png"}],"author":"Material Farreny","twitter_card":"summary_large_image","twitter_misc":{"Escrito por":"Material Farreny","Tiempo de lectura":"3 minutos"},"schema":{"@context":"https:\/\/schema.org","@graph":[{"@type":"Article","@id":"https:\/\/materialsfarreny.com\/?p=1764#article","isPartOf":{"@id":"https:\/\/materialsfarreny.com\/?p=1764"},"author":{"name":"Material Farreny","@id":"https:\/\/materialsfarreny.com\/#\/schema\/person\/8aa6a0d6d73e5b10e2d14795e3153b05"},"headline":"\u00bfC\u00f3mo elegir las tejas para mi tejado?","datePublished":"2021-08-12T14:48:37+00:00","dateModified":"2021-08-12T14:49:34+00:00","mainEntityOfPage":{"@id":"https:\/\/materialsfarreny.com\/?p=1764"},"wordCount":464,"commentCount":1,"publisher":{"@id":"https:\/\/materialsfarreny.com\/#organization"},"keywords":["laescandella","materialsfarreny","tejado","tejas","tiposdetejas"],"articleSection":["Noticias"],"inLanguage":"es","potentialAction":[{"@type":"CommentAction","name":"Comment","target":["https:\/\/materialsfarreny.com\/?p=1764#respond"]}]},{"@type":"WebPage","@id":"https:\/\/materialsfarreny.com\/?p=1764","url":"https:\/\/materialsfarreny.com\/?p=1764","name":"\u00bfC\u00f3mo elegir las tejas para mi tejado? - Materials Farreny","isPartOf":{"@id":"https:\/\/materialsfarreny.com\/#website"},"datePublished":"2021-08-12T14:48:37+00:00","dateModified":"2021-08-12T14:49:34+00:00","description":"\u00bfC\u00f3mo elegir las tejas para mi tejado?","breadcrumb":{"@id":"https:\/\/materialsfarreny.com\/?p=1764#breadcrumb"},"inLanguage":"es","potentialAction":[{"@type":"ReadAction","target":["https:\/\/materialsfarreny.com\/?p=1764"]}]},{"@type":"BreadcrumbList","@id":"https:\/\/materialsfarreny.com\/?p=1764#breadcrumb","itemListElement":[{"@type":"ListItem","position":1,"name":"Portada","item":"https:\/\/materialsfarreny.com\/"},{"@type":"ListItem","position":2,"name":"\u00bfC\u00f3mo elegir las tejas para mi tejado?"}]},{"@type":"WebSite","@id":"https:\/\/materialsfarreny.com\/#website","url":"https:\/\/materialsfarreny.com\/","name":"Materials Farreny","description":"Almac\u00e9n de Materiales de Construcci\u00f3n","publisher":{"@id":"https:\/\/materialsfarreny.com\/#organization"},"potentialAction":[{"@type":"SearchAction","target":{"@type":"EntryPoint","urlTemplate":"https:\/\/materialsfarreny.com\/?s={search_term_string}"},"query-input":"required name=search_term_string"}],"inLanguage":"es"},{"@type":"Organization","@id":"https:\/\/materialsfarreny.com\/#organization","name":"Materials Farreny","url":"https:\/\/materialsfarreny.com\/","logo":{"@type":"ImageObject","inLanguage":"es","@id":"https:\/\/materialsfarreny.com\/#\/schema\/logo\/image\/","url":"https:\/\/materialsfarreny.com\/wp-content\/uploads\/2021\/03\/cropped-logo-materials-farreny.png","contentUrl":"https:\/\/materialsfarreny.com\/wp-content\/uploads\/2021\/03\/cropped-logo-materials-farreny.png","width":585,"height":212,"caption":"Materials Farreny"},"image":{"@id":"https:\/\/materialsfarreny.com\/#\/schema\/logo\/image\/"}},{"@type":"Person","@id":"https:\/\/materialsfarreny.com\/#\/schema\/person\/8aa6a0d6d73e5b10e2d14795e3153b05","name":"Material Farreny","image":{"@type":"ImageObject","inLanguage":"es","@id":"https:\/\/materialsfarreny.com\/#\/schema\/person\/image\/","url":"https:\/\/secure.gravatar.com\/avatar\/e759291ec4f9182d45654826534e1f8cb813ce5c7b82719ffb0f137095e7843d?s=96&d=mm&r=g","contentUrl":"https:\/\/secure.gravatar.com\/avatar\/e759291ec4f9182d45654826534e1f8cb813ce5c7b82719ffb0f137095e7843d?s=96&d=mm&r=g","caption":"Material Farreny"},"sameAs":["https:\/\/materialsfarreny.com"],"url":"https:\/\/materialsfarreny.com\/?author=1"}]}},"_links":{"self":[{"href":"https:\/\/materialsfarreny.com\/index.php?rest_route=\/wp\/v2\/posts\/1764","targetHints":{"allow":["GET"]}}],"collection":[{"href":"https:\/\/materialsfarreny.com\/index.php?rest_route=\/wp\/v2\/posts"}],"about":[{"href":"https:\/\/materialsfarreny.com\/index.php?rest_route=\/wp\/v2\/types\/post"}],"author":[{"embeddable":true,"href":"https:\/\/materialsfarreny.com\/index.php?rest_route=\/wp\/v2\/users\/1"}],"replies":[{"embeddable":true,"href":"https:\/\/materialsfarreny.com\/index.php?rest_route=%2Fwp%2Fv2%2Fcomments&post=1764"}],"version-history":[{"count":1,"href":"https:\/\/materialsfarreny.com\/index.php?rest_route=\/wp\/v2\/posts\/1764\/revisions"}],"predecessor-version":[{"id":1767,"href":"https:\/\/materialsfarreny.com\/index.php?rest_route=\/wp\/v2\/posts\/1764\/revisions\/1767"}],"wp:attachment":[{"href":"https:\/\/materialsfarreny.com\/index.php?rest_route=%2Fwp%2Fv2%2Fmedia&parent=1764"}],"wp:term":[{"taxonomy":"category","embeddable":true,"href":"https:\/\/materialsfarreny.com\/index.php?rest_route=%2Fwp%2Fv2%2Fcategories&post=1764"},{"taxonomy":"post_tag","embeddable":true,"href":"https:\/\/materialsfarreny.com\/index.php?rest_route=%2Fwp%2Fv2%2Ftags&post=1764"}],"curies":[{"name":"wp","href":"https:\/\/api.w.org\/{rel}","templated":true}]}}